{"id":472,"date":"2025-03-04T13:56:09","date_gmt":"2025-03-04T12:56:09","guid":{"rendered":"https:\/\/www.siliceco.fr\/?p=472"},"modified":"2025-03-11T13:07:06","modified_gmt":"2025-03-11T12:07:06","slug":"bienvenue-dans-lequipe","status":"publish","type":"post","link":"https:\/\/www.siliceco.fr\/index.php\/2025\/03\/04\/bienvenue-dans-lequipe\/","title":{"rendered":"Bienvenue dans l&rsquo;\u00e9quipe !"},"content":{"rendered":"\n<div class=\"wp-block-columns is-layout-flex wp-container-core-columns-is-layout-9d6595d7 wp-block-columns-is-layout-flex\">\n<div class=\"wp-block-column is-layout-flow wp-block-column-is-layout-flow\">\n<div style=\"height:0px\" aria-hidden=\"true\" class=\"wp-block-spacer\"><\/div>\n\n\n<div class=\"wp-block-image\">\n<figure class=\"alignright size-full is-resized\"><img loading=\"lazy\" decoding=\"async\" width=\"372\" height=\"372\" src=\"https:\/\/www.siliceco.fr\/wp-content\/uploads\/2025\/03\/Photo_michel_actu-1.png\" alt=\"\" class=\"wp-image-552\" style=\"width:395px;height:auto\" srcset=\"https:\/\/www.siliceco.fr\/wp-content\/uploads\/2025\/03\/Photo_michel_actu-1.png 372w, https:\/\/www.siliceco.fr\/wp-content\/uploads\/2025\/03\/Photo_michel_actu-1-300x300.png 300w, https:\/\/www.siliceco.fr\/wp-content\/uploads\/2025\/03\/Photo_michel_actu-1-150x150.png 150w\" sizes=\"auto, (max-width: 372px) 100vw, 372px\" \/><\/figure>\n<\/div><\/div>\n\n\n\n<div class=\"wp-block-column is-vertically-aligned-center is-layout-flow wp-block-column-is-layout-flow\">\n<div style=\"height:31px\" aria-hidden=\"true\" class=\"wp-block-spacer\"><\/div>\n\n\n\n<p>\u00ab Je suis&nbsp;<strong>heureux&nbsp;<\/strong>et&nbsp;<strong>privil\u00e9gi\u00e9&nbsp;<\/strong>de rejoindre Silic\u00e9co, une jeune entreprise pleine de promesses, en tant que<strong>&nbsp;Responsable de Production.<\/strong>&nbsp;Fort d\u2019une&nbsp;<strong>solide exp\u00e9rience<\/strong>&nbsp;dans les m\u00e9taux, le plastique et le cristal, j\u2019aborde ce nouveau d\u00e9fi avec enthousiasme. C\u2019est une opportunit\u00e9 unique de mettre&nbsp;<strong>mon expertise&nbsp;<\/strong>vari\u00e9e&nbsp;<strong>au service de l\u2019\u00e9quipe<\/strong>&nbsp;et de&nbsp;<strong>contribuer activement \u00e0 son succ\u00e8s<\/strong>. \u00bb<\/p>\n\n\n\n<p><em>Michel ZAFFUTO<\/em><\/p>\n\n\n\n<div class=\"wp-block-buttons is-layout-flex wp-block-buttons-is-layout-flex\"><\/div>\n<\/div>\n<\/div>\n\n\n\n<p><\/p>\n","protected":false},"excerpt":{"rendered":"<p>\u00ab Je suis&nbsp;heureux&nbsp;et&nbsp;privil\u00e9gi\u00e9&nbsp;de rejoindre Silic\u00e9co, une jeune entreprise pleine de promesses, en tant que&nbsp;Responsable de Production.&nbsp;Fort d\u2019une&nbsp;solide exp\u00e9rience&nbsp;dans les m\u00e9taux, le plastique et le cristal, j\u2019aborde ce nouveau d\u00e9fi avec enthousiasme. C\u2019est une opportunit\u00e9 unique de mettre&nbsp;mon expertise&nbsp;vari\u00e9e&nbsp;au service de l\u2019\u00e9quipe&nbsp;et de&nbsp;contribuer activement \u00e0 son succ\u00e8s. \u00bb Michel ZAFFUTO<\/p>\n","protected":false},"author":1,"featured_media":552,"comment_status":"open","ping_status":"open","sticky":false,"template":"","format":"standard","meta":{"neve_meta_sidebar":"full-width","neve_meta_container":"","neve_meta_enable_content_width":"off","neve_meta_content_width":70,"neve_meta_title_alignment":"center","neve_meta_author_avatar":"","neve_post_elements_order":"[\"title\",\"content\"]","neve_meta_disable_header":"off","neve_meta_disable_footer":"off","neve_meta_disable_title":"","_themeisle_gutenberg_block_has_review":false,"footnotes":""},"categories":[9],"tags":[],"class_list":["post-472","post","type-post","status-publish","format-standard","has-post-thumbnail","hentry","category-equipe"],"_links":{"self":[{"href":"https:\/\/www.siliceco.fr\/index.php\/wp-json\/wp\/v2\/posts\/472","targetHints":{"allow":["GET"]}}],"collection":[{"href":"https:\/\/www.siliceco.fr\/index.php\/wp-json\/wp\/v2\/posts"}],"about":[{"href":"https:\/\/www.siliceco.fr\/index.php\/wp-json\/wp\/v2\/types\/post"}],"author":[{"embeddable":true,"href":"https:\/\/www.siliceco.fr\/index.php\/wp-json\/wp\/v2\/users\/1"}],"replies":[{"embeddable":true,"href":"https:\/\/www.siliceco.fr\/index.php\/wp-json\/wp\/v2\/comments?post=472"}],"version-history":[{"count":9,"href":"https:\/\/www.siliceco.fr\/index.php\/wp-json\/wp\/v2\/posts\/472\/revisions"}],"predecessor-version":[{"id":553,"href":"https:\/\/www.siliceco.fr\/index.php\/wp-json\/wp\/v2\/posts\/472\/revisions\/553"}],"wp:featuredmedia":[{"embeddable":true,"href":"https:\/\/www.siliceco.fr\/index.php\/wp-json\/wp\/v2\/media\/552"}],"wp:attachment":[{"href":"https:\/\/www.siliceco.fr\/index.php\/wp-json\/wp\/v2\/media?parent=472"}],"wp:term":[{"taxonomy":"category","embeddable":true,"href":"https:\/\/www.siliceco.fr\/index.php\/wp-json\/wp\/v2\/categories?post=472"},{"taxonomy":"post_tag","embeddable":true,"href":"https:\/\/www.siliceco.fr\/index.php\/wp-json\/wp\/v2\/tags?post=472"}],"curies":[{"name":"wp","href":"https:\/\/api.w.org\/{rel}","templated":true}]}}